{"id":199,"count":2,"description":"Vi\u00f1a Albina pertenece a Bodegas Riojanas, que atesora m\u00e1s de un siglo de tradici\u00f3n vitivin\u00edcola en su bodega de Cenicero. Sus rincones est\u00e1n impregnados de historia y nos hablan de la pasi\u00f3n que en ella se ha vivido por la crianza de sus vinos. Esta tradici\u00f3n y esta pasi\u00f3n se han transmitido al actual equipo de Bodegas Riojanas que considera como herencia m\u00e1s apreciada el compromiso con la calidad y personalidad de sus vinos.","link":"https:\/\/tenda.elmasove.com\/es\/marca\/vina-albina\/","name":"Vi\u00f1a Albina","slug":"vina-albina","taxonomy":"pwb-brand","parent":0,"meta":[],"_links":{"self":[{"href":"https:\/\/tenda.elmasove.com\/es\/wp-json\/wp\/v2\/pwb-brand\/199","targetHints":{"allow":["GET"]}}],"collection":[{"href":"https:\/\/tenda.elmasove.com\/es\/wp-json\/wp\/v2\/pwb-brand"}],"about":[{"href":"https:\/\/tenda.elmasove.com\/es\/wp-json\/wp\/v2\/taxonomies\/pwb-brand"}],"wp:post_type":[{"href":"https:\/\/tenda.elmasove.com\/es\/wp-json\/wp\/v2\/product?pwb-brand=199"}],"curies":[{"name":"wp","href":"https:\/\/api.w.org\/{rel}","templated":true}]}}